{"id":2895,"date":"2023-10-14T17:35:42","date_gmt":"2023-10-14T22:35:42","guid":{"rendered":"https:\/\/www.jiproequip.com\/?p=2895"},"modified":"2023-11-08T22:56:42","modified_gmt":"2023-11-09T03:56:42","slug":"ecuador-prepara-para-el-dia-de-san-valentin-con-una-nueva-clasificadora-de-rosas","status":"publish","type":"post","link":"https:\/\/www.jiproequip.com\/index.php\/2023\/10\/14\/ecuador-prepara-para-el-dia-de-san-valentin-con-una-nueva-clasificadora-de-rosas\/","title":{"rendered":"Ecuador prepara para el D\u00eda de San Valent\u00edn con una nueva clasificadora de rosas"},"content":{"rendered":"<div class=\"wp-block-stackable-columns stk-block-columns stk-block stk-265de9b\" data-block-id=\"265de9b\"><div class=\"stk-row stk-inner-blocks stk-block-content stk-content-align stk-265de9b-column\"><div class=\"wp-block-stackable-column stk-block-column stk-column stk-block stk-375aa2e\" data-v=\"4\" data-block-id=\"375aa2e\"><style>@media screen and (min-width:690px){.stk-375aa2e{flex:1 1 calc(59.6% - var(--stk-column-gap,0px) * 1 \/ 2 ) !important}}<\/style><div class=\"stk-column-wrapper stk-block-column__content stk-container stk-375aa2e-container stk--no-background stk--no-padding\"><div class=\"stk-block-content stk-inner-blocks stk-375aa2e-inner-blocks\"><div class=\"wp-block-stackable-text stk-block-text stk-block stk-912b242\" data-block-id=\"912b242\"><p class=\"stk-block-text__text\">Producir cantidades m\u00e1s altas, pero mantener la calidad y los racimos uniformes es un desaf\u00edo para muchos productores y especialmente en el per\u00edodo previo al D\u00eda de San Valent\u00edn. Para el cultivador de rosas para un grupo flor\u00edcola ecuatoriano, tambi\u00e9n lo fue y el a\u00f1o pasado decidieron instalar, como el primer productor de rosas latinoamericano, el RoseMatic 2.0 de Bercomex. Y corre a toda velocidad en este momento. \u00abPara el D\u00eda de San Valent\u00edn, 160,000 rosas ser\u00e1n clasificadas y agrupadas\u00bb, dice Carlos Jauregui de Columbec, socio ecuatoriano de Bercomex.<\/p><\/div>\n\n<div class=\"wp-block-stackable-text stk-block-text stk-block stk-1351c06\" data-block-id=\"1351c06\"><p class=\"stk-block-text__text\">Al igual que muchos otros productores ecuatorianos, el D\u00eda de San Valent\u00edn es uno de sus d\u00edas m\u00e1s importantes, junto con el D\u00eda de la Madre y Todos los Santos. Durante estos d\u00edas se requieren grandes cantidades de rosas, pero la calidad de la rosa ecuatoriana no deber\u00eda sufrir. Por este motivo, el Grupo ecuatoriano&nbsp;decidi\u00f3 instalar la nueva m\u00e1quina de clasificaci\u00f3n de rosas RoseMatic 2.0 de Bercomex.<\/p><\/div>\n\n<div class=\"wp-block-stackable-text stk-block-text stk-block stk-9f11771\" data-block-id=\"9f11771\"><p class=\"stk-block-text__text\">\u00abEl a\u00f1o pasado, Columbec, Bercomex y este grupo floricultor comenzaron a trabajar juntos intensamente para mejorar el proceso de la granja a la cosecha y despu\u00e9s de la cosecha. Instalamos el RoseMatic 2.0, que es capaz de procesar todas las variedades de rosas que producen, que son m\u00e1s que 80. Estos se cultivan en tres granjas que est\u00e1n ubicadas desde los 2.700 metros hasta m\u00e1s de 3.000 metros sobre el nivel del mar \u00ab, dice Carlos Jauregui CEO de Columbec.<\/p><\/div>\n\n<div class=\"wp-block-stackable-text stk-block-text stk-block stk-0c64bd7\" data-block-id=\"0c64bd7\"><p class=\"stk-block-text__text\">El RoseMatic 2.0 clasifica rosas de acuerdo con la longitud del tallo, el di\u00e1metro del tallo, la altura del brote y la apertura del brote, y puede producir 8,000 tallos por hora, con un m\u00e1ximo de 9,000 por hora. Seg\u00fan Jauregui, una gran ventaja de la m\u00e1quina es la combinaci\u00f3n de alta productividad y la creaci\u00f3n de bonches uniformes. \u00abManualmente, es posible obtener racimos uniformes con rosas de alta calidad, pero con esta m\u00e1quina esta granja puede certificarla y puede aumentar la producci\u00f3n hasta en un 35 por ciento\u00bb, dice Jauregui. \u00abAdem\u00e1s de eso, guarda los criterios de clasificaci\u00f3n por tipo de rosa, por lo que los productores siempre pueden cambiar r\u00e1pidamente\u00bb.<\/p><\/div>\n\n<div class=\"wp-block-stackable-text stk-block-text stk-block stk-7f7264a\" data-block-id=\"7f7264a\"><p class=\"stk-block-text__text\">Fuente: Vellekoop, E. (2018, 31 de enero). Ecuador: Naranjo Group gears up for Valentine&#8217;s Day with new grading machine. Recuperado de hhttp:\/\/www.floraldaily.com\/article\/13750\/Ecuador-Naranjo-Group-gears-up-for-Valentines-Day-with-new-grading-machine<\/p><\/div>\n\n<figure class=\"wp-block-embed is-type-video is-provider-youtube wp-block-embed-youtube wp-embed-aspect-16-9 wp-has-aspect-ratio\"><div class=\"wp-block-embed__wrapper\">\n<iframe loading=\"lazy\" title=\"Rosematic: procesadora y seleccionadora autom\u00e1tica de rosas\" width=\"1185\" height=\"667\" src=\"https:\/\/www.youtube.com\/embed\/sVbjyVLi4AQ?feature=oembed\" frameborder=\"0\" allow=\"accelerometer; autoplay; clipboard-write; encrypted-media; gyroscope; picture-in-picture; web-share\" referrerpolicy=\"strict-origin-when-cross-origin\" allowfullscreen><\/iframe>\n<\/div><\/figure><\/div><\/div><\/div>\n\n<div class=\"wp-block-stackable-column stk-block-column stk-column stk-block stk-d120dd8\" data-v=\"4\" data-block-id=\"d120dd8\"><style>@media screen and (min-width:690px){.stk-d120dd8{flex:1 1 calc(40.4% - var(--stk-column-gap,0px) * 1 \/ 2 ) !important}}<\/style><div class=\"stk-column-wrapper stk-block-column__content stk-container stk-d120dd8-container stk--no-background stk--no-padding\"><div class=\"stk-block-content stk-inner-blocks stk-d120dd8-inner-blocks\"><div class=\"wp-block-stackable-image stk-block-image stk-block stk-4af3ae3\" data-block-id=\"4af3ae3\"><figure class=\"stk-img-wrapper stk-image--shape-stretch\"><img loading=\"lazy\" decoding=\"async\" class=\"stk-img wp-image-2896\" src=\"http:\/\/https:\/\/www.jiproequip.com\/wp-content\/uploads\/2023\/10\/naranjoarticle1.jpg\" width=\"460\" height=\"259\"\/><\/figure><\/div>\n\n<div class=\"wp-block-stackable-image stk-block-image stk-block stk-0e0ee3e\" data-block-id=\"0e0ee3e\"><figure class=\"stk-img-wrapper stk-image--shape-stretch\"><img loading=\"lazy\" decoding=\"async\" class=\"stk-img wp-image-2897\" src=\"http:\/\/https:\/\/www.jiproequip.com\/wp-content\/uploads\/2023\/10\/naranjoarticle2.jpg\" width=\"460\" height=\"259\"\/><\/figure><\/div>\n\n<div class=\"wp-block-stackable-text stk-block-text stk-block stk-43fc5be\" data-block-id=\"43fc5be\"><p class=\"stk-block-text__text\">Las rosas se agrupan por las similitudes programadas por un t\u00e9cnico<\/p><\/div>\n\n<div class=\"wp-block-stackable-image stk-block-image stk-block stk-6befa10\" data-block-id=\"6befa10\"><figure class=\"stk-img-wrapper stk-image--shape-stretch\"><img loading=\"lazy\" decoding=\"async\" class=\"stk-img wp-image-2898\" src=\"http:\/\/https:\/\/www.jiproequip.com\/wp-content\/uploads\/2023\/10\/naranjoarticle3.jpg\" width=\"460\" height=\"367\"\/><\/figure><\/div>\n\n<div class=\"wp-block-stackable-text stk-block-text stk-block stk-a09fb2b\" data-block-id=\"a09fb2b\"><p class=\"stk-block-text__text\">El inicio del proceso y el resultado final, se puede observar la uniformidad luego en el producto terminado<\/p><\/div>\n\n<div class=\"wp-block-stackable-image stk-block-image stk-block stk-67da0e1\" data-block-id=\"67da0e1\"><figure class=\"stk-img-wrapper stk-image--shape-stretch\"><img loading=\"lazy\" decoding=\"async\" class=\"stk-img wp-image-2899\" src=\"http:\/\/https:\/\/www.jiproequip.com\/wp-content\/uploads\/2023\/10\/naranjoarticle5.jpg\" width=\"169\" height=\"300\"\/><\/figure><\/div>\n\n<div class=\"wp-block-stackable-text stk-block-text stk-block stk-7e067ed\" data-block-id=\"7e067ed\"><p class=\"stk-block-text__text\">Producci\u00f3n\u00a0de rosas ecuatorianas, con calidad de exportaci\u00f3n mundial<\/p><\/div><\/div><\/div><\/div><\/div><\/div>","protected":false},"excerpt":{"rendered":"<p>Producir cantidades m\u00e1s altas, pero mantener la calidad y los racimos uniformes es un desaf\u00edo para muchos productores y especialmente en el per\u00edodo previo al D\u00eda de San Valent\u00edn. Para el cultivador de rosas para un grupo flor\u00edcola ecuatoriano, tambi\u00e9n lo fue y el a\u00f1o pasado decidieron instalar, como el primer productor de rosas latinoamericano, [&hellip;]<\/p>\n","protected":false},"author":1,"featured_media":3496,"comment_status":"open","ping_status":"open","sticky":false,"template":"","format":"standard","meta":{"_uag_custom_page_level_css":"","_jetpack_memberships_contains_paid_content":false,"footnotes":""},"categories":[77],"tags":[],"class_list":["post-2895","post","type-post","status-publish","format-standard","has-post-thumbnail","hentry","category-blog-noticias"],"blocksy_meta":"","yoast_head":"<!-- This site is optimized with the Yoast SEO plugin v25.2 - https:\/\/yoast.com\/wordpress\/plugins\/seo\/ -->\n<title>Ecuador prepara para el D\u00eda de San Valent\u00edn con una nueva clasificadora de rosas - Ji-proequip<\/title>\n<meta name=\"robots\" content=\"index, follow, max-snippet:-1, max-image-preview:large, max-video-preview:-1\" \/>\n<link rel=\"canonical\" href=\"https:\/\/www.jiproequip.com\/index.php\/2023\/10\/14\/ecuador-prepara-para-el-dia-de-san-valentin-con-una-nueva-clasificadora-de-rosas\/\" \/>\n<meta property=\"og:locale\" content=\"es_ES\" \/>\n<meta property=\"og:type\" content=\"article\" \/>\n<meta property=\"og:title\" content=\"Ecuador prepara para el D\u00eda de San Valent\u00edn con una nueva clasificadora de rosas - Ji-proequip\" \/>\n<meta property=\"og:description\" content=\"Producir cantidades m\u00e1s altas, pero mantener la calidad y los racimos uniformes es un desaf\u00edo para muchos productores y especialmente en el per\u00edodo previo al D\u00eda de San Valent\u00edn. Para el cultivador de rosas para un grupo flor\u00edcola ecuatoriano, tambi\u00e9n lo fue y el a\u00f1o pasado decidieron instalar, como el primer productor de rosas latinoamericano, [&hellip;]\" \/>\n<meta property=\"og:url\" content=\"https:\/\/www.jiproequip.com\/index.php\/2023\/10\/14\/ecuador-prepara-para-el-dia-de-san-valentin-con-una-nueva-clasificadora-de-rosas\/\" \/>\n<meta property=\"og:site_name\" content=\"Ji-proequip\" \/>\n<meta property=\"article:author\" content=\"https:\/\/www.facebook.com\/columbec?rdid=4ICyHM9EkacfXKWh&amp;share_url=httpswww.facebook.comshare1AKn9hw3Kp\" \/>\n<meta property=\"article:published_time\" content=\"2023-10-14T22:35:42+00:00\" \/>\n<meta property=\"article:modified_time\" content=\"2023-11-09T03:56:42+00:00\" \/>\n<meta property=\"og:image\" content=\"https:\/\/www.jiproequip.com\/wp-content\/uploads\/2023\/10\/rosematic_columbec_02_B.png\" \/>\n\t<meta property=\"og:image:width\" content=\"600\" \/>\n\t<meta property=\"og:image:height\" content=\"600\" \/>\n\t<meta property=\"og:image:type\" content=\"image\/png\" \/>\n<meta name=\"author\" content=\"admin_jiproeq\" \/>\n<meta name=\"twitter:card\" content=\"summary_large_image\" \/>\n<meta name=\"twitter:label1\" content=\"Escrito por\" \/>\n\t<meta name=\"twitter:data1\" content=\"admin_jiproeq\" \/>\n\t<meta name=\"twitter:label2\" content=\"Tiempo de lectura\" \/>\n\t<meta name=\"twitter:data2\" content=\"3 minutos\" \/>\n<script type=\"application\/ld+json\" class=\"yoast-schema-graph\">{\"@context\":\"https:\/\/schema.org\",\"@graph\":[{\"@type\":\"Article\",\"@id\":\"https:\/\/www.jiproequip.com\/index.php\/2023\/10\/14\/ecuador-prepara-para-el-dia-de-san-valentin-con-una-nueva-clasificadora-de-rosas\/#article\",\"isPartOf\":{\"@id\":\"https:\/\/www.jiproequip.com\/index.php\/2023\/10\/14\/ecuador-prepara-para-el-dia-de-san-valentin-con-una-nueva-clasificadora-de-rosas\/\"},\"author\":{\"name\":\"admin_jiproeq\",\"@id\":\"https:\/\/www.jiproequip.com\/#\/schema\/person\/ffb2703e6e529de143931cd9439f2a1a\"},\"headline\":\"Ecuador prepara para el D\u00eda de San Valent\u00edn con una nueva clasificadora de rosas\",\"datePublished\":\"2023-10-14T22:35:42+00:00\",\"dateModified\":\"2023-11-09T03:56:42+00:00\",\"mainEntityOfPage\":{\"@id\":\"https:\/\/www.jiproequip.com\/index.php\/2023\/10\/14\/ecuador-prepara-para-el-dia-de-san-valentin-con-una-nueva-clasificadora-de-rosas\/\"},\"wordCount\":465,\"commentCount\":0,\"publisher\":{\"@id\":\"https:\/\/www.jiproequip.com\/#organization\"},\"image\":{\"@id\":\"https:\/\/www.jiproequip.com\/index.php\/2023\/10\/14\/ecuador-prepara-para-el-dia-de-san-valentin-con-una-nueva-clasificadora-de-rosas\/#primaryimage\"},\"thumbnailUrl\":\"https:\/\/www.jiproequip.com\/wp-content\/uploads\/2023\/10\/rosematic_columbec_02_B.png\",\"articleSection\":[\"Blog de noticias\"],\"inLanguage\":\"es\",\"potentialAction\":[{\"@type\":\"CommentAction\",\"name\":\"Comment\",\"target\":[\"https:\/\/www.jiproequip.com\/index.php\/2023\/10\/14\/ecuador-prepara-para-el-dia-de-san-valentin-con-una-nueva-clasificadora-de-rosas\/#respond\"]}]},{\"@type\":\"WebPage\",\"@id\":\"https:\/\/www.jiproequip.com\/index.php\/2023\/10\/14\/ecuador-prepara-para-el-dia-de-san-valentin-con-una-nueva-clasificadora-de-rosas\/\",\"url\":\"https:\/\/www.jiproequip.com\/index.php\/2023\/10\/14\/ecuador-prepara-para-el-dia-de-san-valentin-con-una-nueva-clasificadora-de-rosas\/\",\"name\":\"Ecuador prepara para el D\u00eda de San Valent\u00edn con una nueva clasificadora de rosas - Ji-proequip\",\"isPartOf\":{\"@id\":\"https:\/\/www.jiproequip.com\/#website\"},\"primaryImageOfPage\":{\"@id\":\"https:\/\/www.jiproequip.com\/index.php\/2023\/10\/14\/ecuador-prepara-para-el-dia-de-san-valentin-con-una-nueva-clasificadora-de-rosas\/#primaryimage\"},\"image\":{\"@id\":\"https:\/\/www.jiproequip.com\/index.php\/2023\/10\/14\/ecuador-prepara-para-el-dia-de-san-valentin-con-una-nueva-clasificadora-de-rosas\/#primaryimage\"},\"thumbnailUrl\":\"https:\/\/www.jiproequip.com\/wp-content\/uploads\/2023\/10\/rosematic_columbec_02_B.png\",\"datePublished\":\"2023-10-14T22:35:42+00:00\",\"dateModified\":\"2023-11-09T03:56:42+00:00\",\"breadcrumb\":{\"@id\":\"https:\/\/www.jiproequip.com\/index.php\/2023\/10\/14\/ecuador-prepara-para-el-dia-de-san-valentin-con-una-nueva-clasificadora-de-rosas\/#breadcrumb\"},\"inLanguage\":\"es\",\"potentialAction\":[{\"@type\":\"ReadAction\",\"target\":[\"https:\/\/www.jiproequip.com\/index.php\/2023\/10\/14\/ecuador-prepara-para-el-dia-de-san-valentin-con-una-nueva-clasificadora-de-rosas\/\"]}]},{\"@type\":\"ImageObject\",\"inLanguage\":\"es\",\"@id\":\"https:\/\/www.jiproequip.com\/index.php\/2023\/10\/14\/ecuador-prepara-para-el-dia-de-san-valentin-con-una-nueva-clasificadora-de-rosas\/#primaryimage\",\"url\":\"https:\/\/www.jiproequip.com\/wp-content\/uploads\/2023\/10\/rosematic_columbec_02_B.png\",\"contentUrl\":\"https:\/\/www.jiproequip.com\/wp-content\/uploads\/2023\/10\/rosematic_columbec_02_B.png\",\"width\":600,\"height\":600},{\"@type\":\"BreadcrumbList\",\"@id\":\"https:\/\/www.jiproequip.com\/index.php\/2023\/10\/14\/ecuador-prepara-para-el-dia-de-san-valentin-con-una-nueva-clasificadora-de-rosas\/#breadcrumb\",\"itemListElement\":[{\"@type\":\"ListItem\",\"position\":1,\"name\":\"Home\",\"item\":\"https:\/\/www.jiproequip.com\/\"},{\"@type\":\"ListItem\",\"position\":2,\"name\":\"Blog de noticias\",\"item\":\"https:\/\/www.jiproequip.com\/index.php\/category\/blog-noticias\/\"},{\"@type\":\"ListItem\",\"position\":3,\"name\":\"Ecuador prepara para el D\u00eda de San Valent\u00edn con una nueva clasificadora de rosas\"}]},{\"@type\":\"WebSite\",\"@id\":\"https:\/\/www.jiproequip.com\/#website\",\"url\":\"https:\/\/www.jiproequip.com\/\",\"name\":\"Ji-proequip\",\"description\":\"Venta de equipos industriales con servicio t\u00e9cnico especializado\",\"publisher\":{\"@id\":\"https:\/\/www.jiproequip.com\/#organization\"},\"potentialAction\":[{\"@type\":\"SearchAction\",\"target\":{\"@type\":\"EntryPoint\",\"urlTemplate\":\"https:\/\/www.jiproequip.com\/?s={search_term_string}\"},\"query-input\":{\"@type\":\"PropertyValueSpecification\",\"valueRequired\":true,\"valueName\":\"search_term_string\"}}],\"inLanguage\":\"es\"},{\"@type\":\"Organization\",\"@id\":\"https:\/\/www.jiproequip.com\/#organization\",\"name\":\"Ji-proequip\",\"url\":\"https:\/\/www.jiproequip.com\/\",\"logo\":{\"@type\":\"ImageObject\",\"inLanguage\":\"es\",\"@id\":\"https:\/\/www.jiproequip.com\/#\/schema\/logo\/image\/\",\"url\":\"https:\/\/www.jiproequip.com\/wp-content\/uploads\/2025\/06\/LOGO-JIproequip-2025.png\",\"contentUrl\":\"https:\/\/www.jiproequip.com\/wp-content\/uploads\/2025\/06\/LOGO-JIproequip-2025.png\",\"width\":2433,\"height\":596,\"caption\":\"Ji-proequip\"},\"image\":{\"@id\":\"https:\/\/www.jiproequip.com\/#\/schema\/logo\/image\/\"}},{\"@type\":\"Person\",\"@id\":\"https:\/\/www.jiproequip.com\/#\/schema\/person\/ffb2703e6e529de143931cd9439f2a1a\",\"name\":\"admin_jiproeq\",\"image\":{\"@type\":\"ImageObject\",\"inLanguage\":\"es\",\"@id\":\"https:\/\/www.jiproequip.com\/#\/schema\/person\/image\/\",\"url\":\"https:\/\/secure.gravatar.com\/avatar\/dca39e944369663f041c6f8eb09cd42424d3befc0d6ab60bc07b1319e5c7c855?s=96&d=mm&r=g\",\"contentUrl\":\"https:\/\/secure.gravatar.com\/avatar\/dca39e944369663f041c6f8eb09cd42424d3befc0d6ab60bc07b1319e5c7c855?s=96&d=mm&r=g\",\"caption\":\"admin_jiproeq\"},\"sameAs\":[\"https:\/\/www.jiproequip.com\",\"https:\/\/www.facebook.com\/columbec?rdid=4ICyHM9EkacfXKWh&share_url=httpswww.facebook.comshare1AKn9hw3Kp\",\"https:\/\/www.instagram.com\/ji_proequip\/?igsh=NGszZ3pqb3FocXpp\"],\"url\":\"https:\/\/www.jiproequip.com\/index.php\/author\/admin_jiproeq\/\"}]}<\/script>\n<!-- \/ Yoast SEO plugin. -->","yoast_head_json":{"title":"Ecuador prepara para el D\u00eda de San Valent\u00edn con una nueva clasificadora de rosas - Ji-proequip","robots":{"index":"index","follow":"follow","max-snippet":"max-snippet:-1","max-image-preview":"max-image-preview:large","max-video-preview":"max-video-preview:-1"},"canonical":"https:\/\/www.jiproequip.com\/index.php\/2023\/10\/14\/ecuador-prepara-para-el-dia-de-san-valentin-con-una-nueva-clasificadora-de-rosas\/","og_locale":"es_ES","og_type":"article","og_title":"Ecuador prepara para el D\u00eda de San Valent\u00edn con una nueva clasificadora de rosas - Ji-proequip","og_description":"Producir cantidades m\u00e1s altas, pero mantener la calidad y los racimos uniformes es un desaf\u00edo para muchos productores y especialmente en el per\u00edodo previo al D\u00eda de San Valent\u00edn. Para el cultivador de rosas para un grupo flor\u00edcola ecuatoriano, tambi\u00e9n lo fue y el a\u00f1o pasado decidieron instalar, como el primer productor de rosas latinoamericano, [&hellip;]","og_url":"https:\/\/www.jiproequip.com\/index.php\/2023\/10\/14\/ecuador-prepara-para-el-dia-de-san-valentin-con-una-nueva-clasificadora-de-rosas\/","og_site_name":"Ji-proequip","article_author":"https:\/\/www.facebook.com\/columbec?rdid=4ICyHM9EkacfXKWh&share_url=httpswww.facebook.comshare1AKn9hw3Kp","article_published_time":"2023-10-14T22:35:42+00:00","article_modified_time":"2023-11-09T03:56:42+00:00","og_image":[{"width":600,"height":600,"url":"https:\/\/www.jiproequip.com\/wp-content\/uploads\/2023\/10\/rosematic_columbec_02_B.png","type":"image\/png"}],"author":"admin_jiproeq","twitter_card":"summary_large_image","twitter_misc":{"Escrito por":"admin_jiproeq","Tiempo de lectura":"3 minutos"},"schema":{"@context":"https:\/\/schema.org","@graph":[{"@type":"Article","@id":"https:\/\/www.jiproequip.com\/index.php\/2023\/10\/14\/ecuador-prepara-para-el-dia-de-san-valentin-con-una-nueva-clasificadora-de-rosas\/#article","isPartOf":{"@id":"https:\/\/www.jiproequip.com\/index.php\/2023\/10\/14\/ecuador-prepara-para-el-dia-de-san-valentin-con-una-nueva-clasificadora-de-rosas\/"},"author":{"name":"admin_jiproeq","@id":"https:\/\/www.jiproequip.com\/#\/schema\/person\/ffb2703e6e529de143931cd9439f2a1a"},"headline":"Ecuador prepara para el D\u00eda de San Valent\u00edn con una nueva clasificadora de rosas","datePublished":"2023-10-14T22:35:42+00:00","dateModified":"2023-11-09T03:56:42+00:00","mainEntityOfPage":{"@id":"https:\/\/www.jiproequip.com\/index.php\/2023\/10\/14\/ecuador-prepara-para-el-dia-de-san-valentin-con-una-nueva-clasificadora-de-rosas\/"},"wordCount":465,"commentCount":0,"publisher":{"@id":"https:\/\/www.jiproequip.com\/#organization"},"image":{"@id":"https:\/\/www.jiproequip.com\/index.php\/2023\/10\/14\/ecuador-prepara-para-el-dia-de-san-valentin-con-una-nueva-clasificadora-de-rosas\/#primaryimage"},"thumbnailUrl":"https:\/\/www.jiproequip.com\/wp-content\/uploads\/2023\/10\/rosematic_columbec_02_B.png","articleSection":["Blog de noticias"],"inLanguage":"es","potentialAction":[{"@type":"CommentAction","name":"Comment","target":["https:\/\/www.jiproequip.com\/index.php\/2023\/10\/14\/ecuador-prepara-para-el-dia-de-san-valentin-con-una-nueva-clasificadora-de-rosas\/#respond"]}]},{"@type":"WebPage","@id":"https:\/\/www.jiproequip.com\/index.php\/2023\/10\/14\/ecuador-prepara-para-el-dia-de-san-valentin-con-una-nueva-clasificadora-de-rosas\/","url":"https:\/\/www.jiproequip.com\/index.php\/2023\/10\/14\/ecuador-prepara-para-el-dia-de-san-valentin-con-una-nueva-clasificadora-de-rosas\/","name":"Ecuador prepara para el D\u00eda de San Valent\u00edn con una nueva clasificadora de rosas - Ji-proequip","isPartOf":{"@id":"https:\/\/www.jiproequip.com\/#website"},"primaryImageOfPage":{"@id":"https:\/\/www.jiproequip.com\/index.php\/2023\/10\/14\/ecuador-prepara-para-el-dia-de-san-valentin-con-una-nueva-clasificadora-de-rosas\/#primaryimage"},"image":{"@id":"https:\/\/www.jiproequip.com\/index.php\/2023\/10\/14\/ecuador-prepara-para-el-dia-de-san-valentin-con-una-nueva-clasificadora-de-rosas\/#primaryimage"},"thumbnailUrl":"https:\/\/www.jiproequip.com\/wp-content\/uploads\/2023\/10\/rosematic_columbec_02_B.png","datePublished":"2023-10-14T22:35:42+00:00","dateModified":"2023-11-09T03:56:42+00:00","breadcrumb":{"@id":"https:\/\/www.jiproequip.com\/index.php\/2023\/10\/14\/ecuador-prepara-para-el-dia-de-san-valentin-con-una-nueva-clasificadora-de-rosas\/#breadcrumb"},"inLanguage":"es","potentialAction":[{"@type":"ReadAction","target":["https:\/\/www.jiproequip.com\/index.php\/2023\/10\/14\/ecuador-prepara-para-el-dia-de-san-valentin-con-una-nueva-clasificadora-de-rosas\/"]}]},{"@type":"ImageObject","inLanguage":"es","@id":"https:\/\/www.jiproequip.com\/index.php\/2023\/10\/14\/ecuador-prepara-para-el-dia-de-san-valentin-con-una-nueva-clasificadora-de-rosas\/#primaryimage","url":"https:\/\/www.jiproequip.com\/wp-content\/uploads\/2023\/10\/rosematic_columbec_02_B.png","contentUrl":"https:\/\/www.jiproequip.com\/wp-content\/uploads\/2023\/10\/rosematic_columbec_02_B.png","width":600,"height":600},{"@type":"BreadcrumbList","@id":"https:\/\/www.jiproequip.com\/index.php\/2023\/10\/14\/ecuador-prepara-para-el-dia-de-san-valentin-con-una-nueva-clasificadora-de-rosas\/#breadcrumb","itemListElement":[{"@type":"ListItem","position":1,"name":"Home","item":"https:\/\/www.jiproequip.com\/"},{"@type":"ListItem","position":2,"name":"Blog de noticias","item":"https:\/\/www.jiproequip.com\/index.php\/category\/blog-noticias\/"},{"@type":"ListItem","position":3,"name":"Ecuador prepara para el D\u00eda de San Valent\u00edn con una nueva clasificadora de rosas"}]},{"@type":"WebSite","@id":"https:\/\/www.jiproequip.com\/#website","url":"https:\/\/www.jiproequip.com\/","name":"Ji-proequip","description":"Venta de equipos industriales con servicio t\u00e9cnico especializado","publisher":{"@id":"https:\/\/www.jiproequip.com\/#organization"},"potentialAction":[{"@type":"SearchAction","target":{"@type":"EntryPoint","urlTemplate":"https:\/\/www.jiproequip.com\/?s={search_term_string}"},"query-input":{"@type":"PropertyValueSpecification","valueRequired":true,"valueName":"search_term_string"}}],"inLanguage":"es"},{"@type":"Organization","@id":"https:\/\/www.jiproequip.com\/#organization","name":"Ji-proequip","url":"https:\/\/www.jiproequip.com\/","logo":{"@type":"ImageObject","inLanguage":"es","@id":"https:\/\/www.jiproequip.com\/#\/schema\/logo\/image\/","url":"https:\/\/www.jiproequip.com\/wp-content\/uploads\/2025\/06\/LOGO-JIproequip-2025.png","contentUrl":"https:\/\/www.jiproequip.com\/wp-content\/uploads\/2025\/06\/LOGO-JIproequip-2025.png","width":2433,"height":596,"caption":"Ji-proequip"},"image":{"@id":"https:\/\/www.jiproequip.com\/#\/schema\/logo\/image\/"}},{"@type":"Person","@id":"https:\/\/www.jiproequip.com\/#\/schema\/person\/ffb2703e6e529de143931cd9439f2a1a","name":"admin_jiproeq","image":{"@type":"ImageObject","inLanguage":"es","@id":"https:\/\/www.jiproequip.com\/#\/schema\/person\/image\/","url":"https:\/\/secure.gravatar.com\/avatar\/dca39e944369663f041c6f8eb09cd42424d3befc0d6ab60bc07b1319e5c7c855?s=96&d=mm&r=g","contentUrl":"https:\/\/secure.gravatar.com\/avatar\/dca39e944369663f041c6f8eb09cd42424d3befc0d6ab60bc07b1319e5c7c855?s=96&d=mm&r=g","caption":"admin_jiproeq"},"sameAs":["https:\/\/www.jiproequip.com","https:\/\/www.facebook.com\/columbec?rdid=4ICyHM9EkacfXKWh&share_url=httpswww.facebook.comshare1AKn9hw3Kp","https:\/\/www.instagram.com\/ji_proequip\/?igsh=NGszZ3pqb3FocXpp"],"url":"https:\/\/www.jiproequip.com\/index.php\/author\/admin_jiproeq\/"}]}},"jetpack_featured_media_url":"https:\/\/www.jiproequip.com\/wp-content\/uploads\/2023\/10\/rosematic_columbec_02_B.png","uagb_featured_image_src":{"full":["https:\/\/www.jiproequip.com\/wp-content\/uploads\/2023\/10\/rosematic_columbec_02_B.png",600,600,false],"thumbnail":["https:\/\/www.jiproequip.com\/wp-content\/uploads\/2023\/10\/rosematic_columbec_02_B.png",150,150,false],"medium":["https:\/\/www.jiproequip.com\/wp-content\/uploads\/2023\/10\/rosematic_columbec_02_B.png",300,300,false],"medium_large":["https:\/\/www.jiproequip.com\/wp-content\/uploads\/2023\/10\/rosematic_columbec_02_B.png",600,600,false],"large":["https:\/\/www.jiproequip.com\/wp-content\/uploads\/2023\/10\/rosematic_columbec_02_B.png",600,600,false],"1536x1536":["https:\/\/www.jiproequip.com\/wp-content\/uploads\/2023\/10\/rosematic_columbec_02_B.png",600,600,false],"2048x2048":["https:\/\/www.jiproequip.com\/wp-content\/uploads\/2023\/10\/rosematic_columbec_02_B.png",600,600,false],"mailpoet_newsletter_max":["https:\/\/www.jiproequip.com\/wp-content\/uploads\/2023\/10\/rosematic_columbec_02_B.png",600,600,false],"woocommerce_thumbnail":["https:\/\/www.jiproequip.com\/wp-content\/uploads\/2023\/10\/rosematic_columbec_02_B.png",300,300,false],"woocommerce_single":["https:\/\/www.jiproequip.com\/wp-content\/uploads\/2023\/10\/rosematic_columbec_02_B.png",600,600,false],"woocommerce_gallery_thumbnail":["https:\/\/www.jiproequip.com\/wp-content\/uploads\/2023\/10\/rosematic_columbec_02_B.png",100,100,false]},"uagb_author_info":{"display_name":"admin_jiproeq","author_link":"https:\/\/www.jiproequip.com\/index.php\/author\/admin_jiproeq\/"},"uagb_comment_info":0,"uagb_excerpt":"Producir cantidades m\u00e1s altas, pero mantener la calidad y los racimos uniformes es un desaf\u00edo para muchos productores y especialmente en el per\u00edodo previo al D\u00eda de San Valent\u00edn. Para el cultivador de rosas para un grupo flor\u00edcola ecuatoriano, tambi\u00e9n lo fue y el a\u00f1o pasado decidieron instalar, como el primer productor de rosas latinoamericano,&hellip;","jetpack_sharing_enabled":true,"_links":{"self":[{"href":"https:\/\/www.jiproequip.com\/index.php\/wp-json\/wp\/v2\/posts\/2895","targetHints":{"allow":["GET"]}}],"collection":[{"href":"https:\/\/www.jiproequip.com\/index.php\/wp-json\/wp\/v2\/posts"}],"about":[{"href":"https:\/\/www.jiproequip.com\/index.php\/wp-json\/wp\/v2\/types\/post"}],"author":[{"embeddable":true,"href":"https:\/\/www.jiproequip.com\/index.php\/wp-json\/wp\/v2\/users\/1"}],"replies":[{"embeddable":true,"href":"https:\/\/www.jiproequip.com\/index.php\/wp-json\/wp\/v2\/comments?post=2895"}],"version-history":[{"count":2,"href":"https:\/\/www.jiproequip.com\/index.php\/wp-json\/wp\/v2\/posts\/2895\/revisions"}],"predecessor-version":[{"id":2901,"href":"https:\/\/www.jiproequip.com\/index.php\/wp-json\/wp\/v2\/posts\/2895\/revisions\/2901"}],"wp:featuredmedia":[{"embeddable":true,"href":"https:\/\/www.jiproequip.com\/index.php\/wp-json\/wp\/v2\/media\/3496"}],"wp:attachment":[{"href":"https:\/\/www.jiproequip.com\/index.php\/wp-json\/wp\/v2\/media?parent=2895"}],"wp:term":[{"taxonomy":"category","embeddable":true,"href":"https:\/\/www.jiproequip.com\/index.php\/wp-json\/wp\/v2\/categories?post=2895"},{"taxonomy":"post_tag","embeddable":true,"href":"https:\/\/www.jiproequip.com\/index.php\/wp-json\/wp\/v2\/tags?post=2895"}],"curies":[{"name":"wp","href":"https:\/\/api.w.org\/{rel}","templated":true}]}}